{"id":2979,"date":"2024-07-09T11:02:23","date_gmt":"2024-07-09T03:02:23","guid":{"rendered":"https:\/\/sumuchang.com\/?p=2979"},"modified":"2024-07-09T11:14:00","modified_gmt":"2024-07-09T03:14:00","slug":"capped-composite-decking-problems","status":"publish","type":"post","link":"https:\/\/sumuchang.com\/tr\/capped-composite-decking-problems\/","title":{"rendered":"kapakl\u0131 kompozit zemin kaplamas\u0131 sorunlar\u0131"},"content":{"rendered":"<p class=\"wp-block-paragraph\"><strong><em><u><a href=\"https:\/\/sumuchang.com\/tr\/\">kapakl\u0131 kompozit zemin kaplamas\u0131 sorunlar\u0131<\/a><\/u><\/em><\/strong><\/p>\n\n\n\n<p class=\"wp-block-paragraph\"><strong><em><u>Kapakl\u0131 kompozit zemin kaplamas\u0131<\/u><\/em><\/strong>Modern ev ve d\u0131\u015f mekan dekorasyonu i\u00e7in pop\u00fcler bir tercih olarak, benzersiz i\u015f\u00e7ili\u011fi ve malzemeleriyle \u00e7evre dostu ve dayan\u0131kl\u0131 bir \u00e7\u00f6z\u00fcm sunar.<\/p>\n\n\n\n<p class=\"wp-block-paragraph\">Ancak, y\u00fcksek taklit ah\u015fap deseni, dayan\u0131kl\u0131l\u0131k ve d\u00fc\u015f\u00fck bak\u0131m gereksinimleri gibi bir\u00e7ok avantaj\u0131na ra\u011fmen, bu malzemenin g\u00f6z ard\u0131 edilemeyecek baz\u0131 dezavantajlar\u0131 da vard\u0131r.<\/p>\n\n\n\n<figure class=\"wp-block-image size-full\"><img loading=\"lazy\" decoding=\"async\" width=\"600\" height=\"600\" src=\"https:\/\/sumuchang.com\/wp-content\/uploads\/2024\/07\/capped-composite-decking-problems-1.jpg\" alt=\"\" class=\"wp-image-2980\" srcset=\"https:\/\/sumuchang.com\/wp-content\/uploads\/2024\/07\/capped-composite-decking-problems-1.jpg 600w, https:\/\/sumuchang.com\/wp-content\/uploads\/2024\/07\/capped-composite-decking-problems-1-400x400.jpg 400w, https:\/\/sumuchang.com\/wp-content\/uploads\/2024\/07\/capped-composite-decking-problems-1-150x150.jpg 150w, https:\/\/sumuchang.com\/wp-content\/uploads\/2024\/07\/capped-composite-decking-problems-1-300x300.jpg 300w, https:\/\/sumuchang.com\/wp-content\/uploads\/2024\/07\/capped-composite-decking-problems-1-100x100.jpg 100w\" sizes=\"auto, (max-width: 600px) 100vw, 600px\" \/><\/figure>\n\n\n\n<p class=\"wp-block-paragraph\">Maliyet \u00f6nemli bir husustur.<\/p>\n\n\n\n<p class=\"wp-block-paragraph\">Geli\u015fmi\u015f \u00fcretim teknolojisi ve y\u00fcksek kaliteli hammaddeleri sayesinde <strong><em><u>kapakl\u0131 kompozit zemin kaplamas\u0131<\/u><\/em><\/strong> genellikle geleneksel ah\u015fap veya s\u0131radan kompozit zemin kaplamas\u0131ndan daha y\u00fcksektir.<\/p>\n\n\n\n<p class=\"wp-block-paragraph\">Bu y\u00fcksek fiyat, baz\u0131 projeleri veya s\u0131n\u0131rl\u0131 b\u00fct\u00e7eye sahip t\u00fcketicileri y\u0131ld\u0131rabilir.<\/p>\n\n\n\n<p class=\"wp-block-paragraph\">Bir de termal genle\u015fme ve b\u00fcz\u00fclme sorunu var.<\/p>\n\n\n\n<p class=\"wp-block-paragraph\">Her ne kadar <strong><em><u>kapakl\u0131 kompozit zemin kaplamas\u0131<\/u><\/em><\/strong> genle\u015fme ve b\u00fcz\u00fclme oranlar\u0131n\u0131 azaltacak \u015fekilde tasarlanm\u0131\u015ft\u0131r, ancak malzeme \u00f6zellikleri nedeniyle a\u015f\u0131r\u0131 iklim ko\u015fullar\u0131nda yine de boyutsal de\u011fi\u015fiklikler meydana gelebilir.<\/p>\n\n\n\n<figure class=\"wp-block-image size-full\"><img loading=\"lazy\" decoding=\"async\" width=\"600\" height=\"600\" src=\"https:\/\/sumuchang.com\/wp-content\/uploads\/2024\/07\/capped-composite-decking-problems-2.jpg\" alt=\"\" class=\"wp-image-2981\" srcset=\"https:\/\/sumuchang.com\/wp-content\/uploads\/2024\/07\/capped-composite-decking-problems-2.jpg 600w, https:\/\/sumuchang.com\/wp-content\/uploads\/2024\/07\/capped-composite-decking-problems-2-400x400.jpg 400w, https:\/\/sumuchang.com\/wp-content\/uploads\/2024\/07\/capped-composite-decking-problems-2-150x150.jpg 150w, https:\/\/sumuchang.com\/wp-content\/uploads\/2024\/07\/capped-composite-decking-problems-2-300x300.jpg 300w, https:\/\/sumuchang.com\/wp-content\/uploads\/2024\/07\/capped-composite-decking-problems-2-100x100.jpg 100w\" sizes=\"auto, (max-width: 600px) 100vw, 600px\" \/><\/figure>\n\n\n\n<p class=\"wp-block-paragraph\">Bu durum \u00f6zellikle daha geni\u015f enlere veya daha uzun boylara sahip levhalarda daha b\u00fcy\u00fck bo\u015fluklara veya levhalar\u0131n e\u011frilmesine neden olarak g\u00f6r\u00fcn\u00fcm\u00fc ve kullan\u0131c\u0131 deneyimini etkileyebilir.<\/p>\n\n\n\n<p class=\"wp-block-paragraph\">Bu, kurulum ve bak\u0131m a\u00e7\u0131s\u0131ndan zorlu bir s\u00fcre\u00e7tir.<\/p>\n\n\n\n<p class=\"wp-block-paragraph\">Her ne kadar <strong><em><u>kapakl\u0131 kompozit zemin kaplamas\u0131<\/u><\/em><\/strong> montaj s\u00fcrecini basitle\u015ftirmek i\u00e7in tasarlanm\u0131\u015ft\u0131r, \u00f6zel ba\u011flant\u0131 y\u00f6ntemi ve malzeme \u00f6zellikleri montajc\u0131n\u0131n belirli profesyonel bilgi ve becerilere sahip olmas\u0131n\u0131 gerektirir.<\/p>\n\n\n\n<p class=\"wp-block-paragraph\">Ayr\u0131ca, hasar olu\u015ftu\u011funda, orijinal g\u00f6r\u00fcn\u00fcm\u00fcn\u00fc ve i\u015flevini geri kazand\u0131rmak i\u00e7in profesyonel bir onar\u0131m ekibi gerekebilir, bu da uzun vadeli bak\u0131m\u0131n karma\u015f\u0131kl\u0131\u011f\u0131n\u0131 ve maliyetini art\u0131r\u0131r.<\/p>\n\n\n\n<p class=\"wp-block-paragraph\">Bu dezavantajlara ra\u011fmen, <strong><em><u><a href=\"https:\/\/sumuchang.com\/tr\/\">kapakl\u0131 kompozit zemin kaplamas\u0131<\/a><\/u><\/em><\/strong> \u00f6zellikle uzun s\u00fcreli dayan\u0131kl\u0131l\u0131k ve d\u00fc\u015f\u00fck bak\u0131m gereksinimi arayan uygulamalar i\u00e7in hala y\u00fcksek performansl\u0131 bir se\u00e7enektir.<\/p>\n\n\n\n<figure class=\"wp-block-image size-full\"><img loading=\"lazy\" decoding=\"async\" width=\"600\" height=\"600\" src=\"https:\/\/sumuchang.com\/wp-content\/uploads\/2024\/07\/capped-composite-decking-problems-3.jpg\" alt=\"\" class=\"wp-image-2982\" srcset=\"https:\/\/sumuchang.com\/wp-content\/uploads\/2024\/07\/capped-composite-decking-problems-3.jpg 600w, https:\/\/sumuchang.com\/wp-content\/uploads\/2024\/07\/capped-composite-decking-problems-3-400x400.jpg 400w, https:\/\/sumuchang.com\/wp-content\/uploads\/2024\/07\/capped-composite-decking-problems-3-150x150.jpg 150w, https:\/\/sumuchang.com\/wp-content\/uploads\/2024\/07\/capped-composite-decking-problems-3-300x300.jpg 300w, https:\/\/sumuchang.com\/wp-content\/uploads\/2024\/07\/capped-composite-decking-problems-3-100x100.jpg 100w\" sizes=\"auto, (max-width: 600px) 100vw, 600px\" \/><\/figure>\n\n\n\n<p class=\"wp-block-paragraph\">Ancak t\u00fcketiciler se\u00e7im yaparken, en uygun karar\u0131 vermek i\u00e7in ihtiya\u00e7lar\u0131n\u0131, b\u00fct\u00e7elerini ve kabul edilebilir bak\u0131m seviyelerini tam olarak g\u00f6z \u00f6n\u00fcnde bulundurmal\u0131d\u0131r.<\/p>\n\n\n\n<p class=\"wp-block-paragraph\">Bu \u015fekilde, en kaliteli malzemelerin bile do\u011fru ortamda maksimum potansiyellerine ula\u015fmas\u0131n\u0131 sa\u011flayabiliriz.<\/p>","protected":false},"excerpt":{"rendered":"<p>Bu dezavantajlara ra\u011fmen, kapakl\u0131 kompozit zemin kaplamas\u0131, \u00f6zellikle uzun s\u00fcreli dayan\u0131kl\u0131l\u0131k ve d\u00fc\u015f\u00fck bak\u0131m gereksinimleri arayan uygulamalar i\u00e7in hala y\u00fcksek performansl\u0131 bir se\u00e7enektir.<br \/>\nAncak t\u00fcketiciler se\u00e7im yaparken, en uygun karar\u0131 vermek i\u00e7in ihtiya\u00e7lar\u0131n\u0131, b\u00fct\u00e7elerini ve kabul edilebilir bak\u0131m seviyelerini tam olarak g\u00f6z \u00f6n\u00fcnde bulundurmal\u0131d\u0131r.<\/p>","protected":false},"author":1,"featured_media":2983,"comment_status":"open","ping_status":"open","sticky":false,"template":"","format":"standard","meta":{"_kad_post_transparent":"","_kad_post_title":"","_kad_post_layout":"","_kad_post_sidebar_id":"","_kad_post_content_style":"","_kad_post_vertical_padding":"","_kad_post_feature":"","_kad_post_feature_position":"","_kad_post_header":false,"_kad_post_footer":false,"_kad_post_classname":"","footnotes":""},"categories":[54],"tags":[96,434,90,435],"class_list":["post-2979","post","type-post","status-publish","format-standard","has-post-thumbnail","hentry","category-co-extrusion-wood-polymer-compostie","tag-capped-composite-decking","tag-capped-composite-decking-problems","tag-composite-decking","tag-composite-decking-problems"],"_links":{"self":[{"href":"https:\/\/sumuchang.com\/tr\/wp-json\/wp\/v2\/posts\/2979","targetHints":{"allow":["GET"]}}],"collection":[{"href":"https:\/\/sumuchang.com\/tr\/wp-json\/wp\/v2\/posts"}],"about":[{"href":"https:\/\/sumuchang.com\/tr\/wp-json\/wp\/v2\/types\/post"}],"author":[{"embeddable":true,"href":"https:\/\/sumuchang.com\/tr\/wp-json\/wp\/v2\/users\/1"}],"replies":[{"embeddable":true,"href":"https:\/\/sumuchang.com\/tr\/wp-json\/wp\/v2\/comments?post=2979"}],"version-history":[{"count":0,"href":"https:\/\/sumuchang.com\/tr\/wp-json\/wp\/v2\/posts\/2979\/revisions"}],"wp:featuredmedia":[{"embeddable":true,"href":"https:\/\/sumuchang.com\/tr\/wp-json\/wp\/v2\/media\/2983"}],"wp:attachment":[{"href":"https:\/\/sumuchang.com\/tr\/wp-json\/wp\/v2\/media?parent=2979"}],"wp:term":[{"taxonomy":"category","embeddable":true,"href":"https:\/\/sumuchang.com\/tr\/wp-json\/wp\/v2\/categories?post=2979"},{"taxonomy":"post_tag","embeddable":true,"href":"https:\/\/sumuchang.com\/tr\/wp-json\/wp\/v2\/tags?post=2979"}],"curies":[{"name":"wp","href":"https:\/\/api.w.org\/{rel}","templated":true}]}}