{"id":4072,"date":"2024-08-01T14:19:51","date_gmt":"2024-08-01T06:19:51","guid":{"rendered":"https:\/\/sumuchang.com\/?p=4072"},"modified":"2024-08-01T14:35:54","modified_gmt":"2024-08-01T06:35:54","slug":"recycled-cladding","status":"publish","type":"post","link":"https:\/\/sumuchang.com\/tr\/recycled-cladding\/","title":{"rendered":"geri d\u00f6n\u00fc\u015ft\u00fcr\u00fclm\u00fc\u015f kaplama"},"content":{"rendered":"<p class=\"wp-block-paragraph\"><strong><em><u><a href=\"https:\/\/sumuchang.com\/tr\/\">Geri d\u00f6n\u00fc\u015ft\u00fcr\u00fclm\u00fc\u015f kaplama<\/a><\/u><\/em><\/strong><\/p>\n\n\n\n<p class=\"wp-block-paragraph\">Ye\u015fil Devrim \u00d6nc\u00fcs\u00fc: D\u0131\u015f Mekan \u00c7evre Koruma Yolculu\u011fu <strong><em><u>Geri d\u00f6n\u00fc\u015ft\u00fcr\u00fclm\u00fc\u015f kaplama<\/u><\/em><\/strong><\/p>\n\n\n\n<p class=\"wp-block-paragraph\">Ye\u015fil \u00e7evrenin korunmas\u0131 ve s\u00fcrd\u00fcr\u00fclebilir kalk\u0131nman\u0131n savunuldu\u011fu g\u00fcn\u00fcm\u00fczde, d\u0131\u015f mekan <strong><em><u>geri d\u00f6n\u00fc\u015ft\u00fcr\u00fclm\u00fc\u015f kaplama<\/u><\/em><\/strong>yeni bir \u00e7evre dostu malzeme t\u00fcr\u00fc olarak giderek daha fazla ilgi ve takdir g\u00f6rmektedir. Geri d\u00f6n\u00fc\u015ft\u00fcr\u00fclm\u00fc\u015f malzemelerden \u00fcretilmesi ve tekrar geri d\u00f6n\u00fc\u015ft\u00fcr\u00fclebilme \u00f6zelli\u011fine sahip olmas\u0131, in\u015faat sekt\u00f6r\u00fcne yeni bir ye\u015fil devrim trendi getirmi\u015ftir.<\/p>\n\n\n\n<p class=\"wp-block-paragraph\">1. A\u00e7\u0131k havan\u0131n do\u011fu\u015fu <strong><em><u>geri d\u00f6n\u00fc\u015ft\u00fcr\u00fclm\u00fc\u015f kaplama<\/u><\/em><\/strong><\/p>\n\n\n\n<p class=\"wp-block-paragraph\">D\u0131\u015f mekan <strong><em><u>geri d\u00f6n\u00fc\u015ft\u00fcr\u00fclm\u00fc\u015f kaplama<\/u><\/em><\/strong> at\u0131k plastikler ve tala\u015f gibi geri d\u00f6n\u00fc\u015ft\u00fcr\u00fclm\u00fc\u015f malzemelere y\u00fcksek s\u0131cakl\u0131k ve y\u00fcksek bas\u0131n\u00e7 i\u015fleminden sonra uygun miktarlarda katk\u0131 maddeleri ve de\u011fi\u015ftiriciler eklenerek yap\u0131lan yeni bir kompozit malzeme t\u00fcr\u00fcd\u00fcr. Bu malzeme hem ah\u015fab\u0131n do\u011fal dokusuna hem de plasti\u011fin m\u00fckemmel \u00f6zelliklerine sahiptir. Sadece geleneksel ah\u015fab\u0131n yerini almakla kalmaz, ayn\u0131 zamanda d\u0131\u015f mekan in\u015faat\u0131 alan\u0131nda da yayg\u0131n olarak kullan\u0131labilir.<\/p>\n\n\n\n<figure class=\"wp-block-image size-full\"><img loading=\"lazy\" decoding=\"async\" width=\"600\" height=\"600\" src=\"https:\/\/sumuchang.com\/wp-content\/uploads\/2024\/08\/recycled-cladding-1.jpg\" alt=\"\" class=\"wp-image-4073\" srcset=\"https:\/\/sumuchang.com\/wp-content\/uploads\/2024\/08\/recycled-cladding-1.jpg 600w, https:\/\/sumuchang.com\/wp-content\/uploads\/2024\/08\/recycled-cladding-1-400x400.jpg 400w, https:\/\/sumuchang.com\/wp-content\/uploads\/2024\/08\/recycled-cladding-1-150x150.jpg 150w, https:\/\/sumuchang.com\/wp-content\/uploads\/2024\/08\/recycled-cladding-1-300x300.jpg 300w, https:\/\/sumuchang.com\/wp-content\/uploads\/2024\/08\/recycled-cladding-1-100x100.jpg 100w\" sizes=\"auto, (max-width: 600px) 100vw, 600px\" \/><\/figure>\n\n\n\n<p class=\"wp-block-paragraph\">2. D\u0131\u015f mekan\u0131n \u00e7evre koruma \u00f6zellikleri <strong><em><u>geri d\u00f6n\u00fc\u015ft\u00fcr\u00fclm\u00fc\u015f kaplama<\/u><\/em><\/strong><\/p>\n\n\n\n<p class=\"wp-block-paragraph\">1. Geri d\u00f6n\u00fc\u015f\u00fcm \u00fcretimi<\/p>\n\n\n\n<p class=\"wp-block-paragraph\">D\u0131\u015f mekan \u00fcretimi i\u00e7in hammaddeler <strong><em><u>geri d\u00f6n\u00fc\u015ft\u00fcr\u00fclm\u00fc\u015f kaplama<\/u><\/em><\/strong> esas olarak at\u0131k plastiklerden ve tala\u015ftan elde edilir. Bu malzemeler s\u0131k\u0131 bir \u015fekilde elenmi\u015f ve i\u015flenmi\u015ftir, bu da yaln\u0131zca \u00fcr\u00fcn\u00fcn kalitesini sa\u011flamakla kalmaz, ayn\u0131 zamanda kaynaklar\u0131n rasyonel kullan\u0131m\u0131n\u0131 da ger\u00e7ekle\u015ftirir. Ayn\u0131 zamanda, \u00fcretim s\u00fcrecinde ortaya \u00e7\u0131kan at\u0131k ve at\u0131k su da etkili bir \u015fekilde ar\u0131t\u0131l\u0131p geri d\u00f6n\u00fc\u015ft\u00fcr\u00fclerek \u00e7evre \u00fczerindeki etki azalt\u0131labilmektedir.<\/p>\n\n\n\n<p class=\"wp-block-paragraph\">2. Enerji tasarrufu ve emisyon azalt\u0131m\u0131<\/p>\n\n\n\n<p class=\"wp-block-paragraph\">\u00dcretim s\u00fcreci s\u0131ras\u0131nda, d\u0131\u015f mekan <strong><em><u>geri d\u00f6n\u00fc\u015ft\u00fcr\u00fclm\u00fc\u015f kaplama<\/u><\/em><\/strong> enerji t\u00fcketimini azaltmak i\u00e7in verimli ve enerji tasarrufu sa\u011flayan bir \u00fcretim s\u00fcreci benimser. Geleneksel yap\u0131 malzemeleri ile kar\u015f\u0131la\u015ft\u0131r\u0131ld\u0131\u011f\u0131nda, \u00fcretim s\u00fcreci <strong><em><u>geri d\u00f6n\u00fc\u015ft\u00fcr\u00fclm\u00fc\u015f kaplama<\/u><\/em><\/strong> b\u00fcy\u00fck miktarda karbondioksit emisyonunu azaltarak k\u00fcresel \u0131s\u0131nmay\u0131 yava\u015flatmaya yard\u0131mc\u0131 olur.<\/p>\n\n\n\n<p class=\"wp-block-paragraph\">3. Ye\u015fil bozunma<\/p>\n\n\n\n<p class=\"wp-block-paragraph\">D\u0131\u015f mekan kullan\u0131m \u00f6mr\u00fcnden sonra <strong><em><u>geri d\u00f6n\u00fc\u015ft\u00fcr\u00fclm\u00fc\u015f kaplama<\/u><\/em><\/strong>ye\u015fil bozunma elde etmek i\u00e7in \u00f6zel olarak i\u015flenebilir. Bu bozunma s\u00fcreci zararl\u0131 maddeler \u00fcretmez, \u00e7evre dostudur ve ye\u015fil \u00e7evre koruma geli\u015ftirme konseptine uygundur.<\/p>\n\n\n\n<figure class=\"wp-block-image size-full\"><img loading=\"lazy\" decoding=\"async\" width=\"600\" height=\"600\" src=\"https:\/\/sumuchang.com\/wp-content\/uploads\/2024\/08\/recycled-cladding-2.jpg\" alt=\"\" class=\"wp-image-4074\" srcset=\"https:\/\/sumuchang.com\/wp-content\/uploads\/2024\/08\/recycled-cladding-2.jpg 600w, https:\/\/sumuchang.com\/wp-content\/uploads\/2024\/08\/recycled-cladding-2-400x400.jpg 400w, https:\/\/sumuchang.com\/wp-content\/uploads\/2024\/08\/recycled-cladding-2-150x150.jpg 150w, https:\/\/sumuchang.com\/wp-content\/uploads\/2024\/08\/recycled-cladding-2-300x300.jpg 300w, https:\/\/sumuchang.com\/wp-content\/uploads\/2024\/08\/recycled-cladding-2-100x100.jpg 100w\" sizes=\"auto, (max-width: 600px) 100vw, 600px\" \/><\/figure>\n\n\n\n<p class=\"wp-block-paragraph\">3. D\u0131\u015f mekan uygulama alanlar\u0131 <strong><em><u>geri d\u00f6n\u00fc\u015ft\u00fcr\u00fclm\u00fc\u015f kaplama<\/u><\/em><\/strong><\/p>\n\n\n\n<p class=\"wp-block-paragraph\">1. Mimari dekorasyon<\/p>\n\n\n\n<p class=\"wp-block-paragraph\">D\u0131\u015f mekan <strong><em><u>geri d\u00f6n\u00fc\u015ft\u00fcr\u00fclm\u00fc\u015f kaplama<\/u><\/em><\/strong> benzersiz dokusu ve m\u00fckemmel performans\u0131 nedeniyle mimari dekorasyon alan\u0131nda yayg\u0131n olarak kullan\u0131lmaktad\u0131r. Villa, apartman, otel vb. gibi \u00e7e\u015fitli binalar\u0131n duvar dekorasyonunda kullan\u0131labilir, bu sadece binan\u0131n g\u00fczelli\u011fini artt\u0131rmakla kalmaz, ayn\u0131 zamanda binan\u0131n \u0131s\u0131 yal\u0131t\u0131m performans\u0131n\u0131 da artt\u0131r\u0131r.<\/p>\n\n\n\n<p class=\"wp-block-paragraph\">2. Bah\u00e7e peyzaj\u0131<\/p>\n\n\n\n<p class=\"wp-block-paragraph\">Bah\u00e7e peyzaj tasar\u0131m\u0131nda, d\u0131\u015f mekan <strong><em><u>geri d\u00f6n\u00fc\u015ft\u00fcr\u00fclm\u00fc\u015f kaplama<\/u><\/em><\/strong> \u00e7itler, koltuklar, \u00e7i\u00e7ek standlar\u0131 ve di\u011fer tesisleri yapmak i\u00e7in kullan\u0131labilir. Sadece iyi bir dekoratif etkiye sahip olmakla kalmaz, ayn\u0131 zamanda UV \u0131\u015f\u0131nlar\u0131na dayan\u0131kl\u0131d\u0131r, b\u00f6ceklere kar\u015f\u0131 dayan\u0131kl\u0131d\u0131r ve \u00e7e\u015fitli zorlu ortamlara uyarlanabilir, bah\u00e7e manzaras\u0131na parlak bir renk dokunu\u015fu katar.<\/p>\n\n\n\n<p class=\"wp-block-paragraph\">3. Kamu tesisleri<\/p>\n\n\n\n<p class=\"wp-block-paragraph\">D\u0131\u015f mekan <strong><em><u>geri d\u00f6n\u00fc\u015ft\u00fcr\u00fclm\u00fc\u015f kaplama<\/u><\/em><\/strong> kamu tesislerinde de yayg\u0131n olarak kullan\u0131lmaktad\u0131r. \u00d6rne\u011fin, otob\u00fcs duraklar\u0131 ve metro istasyonlar\u0131 gibi yerlerdeki koltuklar ve izolasyon kemerleri <strong><em><u>geri d\u00f6n\u00fc\u015ft\u00fcr\u00fclm\u00fc\u015f kaplama<\/u><\/em><\/strong>. \u0130yi a\u015f\u0131nma direnci ve darbe direncine sahiptir ve kamu tesislerinin kullan\u0131m ihtiya\u00e7lar\u0131n\u0131 kar\u015f\u0131layabilir.<\/p>\n\n\n\n<p class=\"wp-block-paragraph\">IV. Sonu\u00e7<\/p>\n\n\n\n<figure class=\"wp-block-image size-full\"><img loading=\"lazy\" decoding=\"async\" width=\"600\" height=\"600\" src=\"https:\/\/sumuchang.com\/wp-content\/uploads\/2024\/08\/recycled-cladding-3.jpg\" alt=\"\" class=\"wp-image-4075\" srcset=\"https:\/\/sumuchang.com\/wp-content\/uploads\/2024\/08\/recycled-cladding-3.jpg 600w, https:\/\/sumuchang.com\/wp-content\/uploads\/2024\/08\/recycled-cladding-3-400x400.jpg 400w, https:\/\/sumuchang.com\/wp-content\/uploads\/2024\/08\/recycled-cladding-3-150x150.jpg 150w, https:\/\/sumuchang.com\/wp-content\/uploads\/2024\/08\/recycled-cladding-3-300x300.jpg 300w, https:\/\/sumuchang.com\/wp-content\/uploads\/2024\/08\/recycled-cladding-3-100x100.jpg 100w\" sizes=\"auto, (max-width: 600px) 100vw, 600px\" \/><\/figure>\n\n\n\n<p class=\"wp-block-paragraph\">D\u0131\u015f mekan <strong><em><u>geri d\u00f6n\u00fc\u015ft\u00fcr\u00fclm\u00fc\u015f kaplama<\/u><\/em><\/strong>yeni bir ye\u015fil ve \u00e7evre dostu malzeme olarak, m\u00fckemmel performans\u0131 ve \u00e7evre koruma \u00f6zellikleri ile in\u015faat sekt\u00f6r\u00fcnde bir geli\u015fme trendi haline gelmi\u015ftir. \u0130nsanlar\u0131n \u00e7evre bilincinin s\u00fcrekli geli\u015fmesiyle birlikte, d\u0131\u015f mekanlar i\u00e7in pazar talebi <strong><em><u><a href=\"https:\/\/sumuchang.com\/tr\/\">geri d\u00f6n\u00fc\u015ft\u00fcr\u00fclm\u00fc\u015f kaplama <\/a><\/u><\/em><\/strong>ye\u015fil binalar\u0131n geli\u015fimine katk\u0131da bulunarak b\u00fcy\u00fcmeye devam edecektir. A\u00e7\u0131k havay\u0131 d\u00f6rt g\u00f6zle bekleyelim <strong><em><u>geri d\u00f6n\u00fc\u015ft\u00fcr\u00fclm\u00fc\u015f kaplama<\/u><\/em><\/strong> gelecekteki ye\u015fil devrimde daha b\u00fcy\u00fck bir rol oynamak!<\/p>","protected":false},"excerpt":{"rendered":"<p>Geri d\u00f6n\u00fc\u015ft\u00fcr\u00fclm\u00fc\u015f kaplama Ye\u015fil Devrim \u00d6nc\u00fcs\u00fc: T\u00fcrkiye'nin \u00c7evre Koruma Yolculu\u011fu...<\/p>","protected":false},"author":1,"featured_media":4076,"comment_status":"closed","ping_status":"closed","sticky":false,"template":"","format":"standard","meta":{"_kad_post_transparent":"","_kad_post_title":"","_kad_post_layout":"","_kad_post_sidebar_id":"","_kad_post_content_style":"","_kad_post_vertical_padding":"","_kad_post_feature":"","_kad_post_feature_position":"","_kad_post_header":false,"_kad_post_footer":false,"_kad_post_classname":"","footnotes":""},"categories":[54],"tags":[747],"class_list":["post-4072","post","type-post","status-publish","format-standard","has-post-thumbnail","hentry","category-co-extrusion-wood-polymer-compostie","tag-recycled-cladding"],"_links":{"self":[{"href":"https:\/\/sumuchang.com\/tr\/wp-json\/wp\/v2\/posts\/4072","targetHints":{"allow":["GET"]}}],"collection":[{"href":"https:\/\/sumuchang.com\/tr\/wp-json\/wp\/v2\/posts"}],"about":[{"href":"https:\/\/sumuchang.com\/tr\/wp-json\/wp\/v2\/types\/post"}],"author":[{"embeddable":true,"href":"https:\/\/sumuchang.com\/tr\/wp-json\/wp\/v2\/users\/1"}],"replies":[{"embeddable":true,"href":"https:\/\/sumuchang.com\/tr\/wp-json\/wp\/v2\/comments?post=4072"}],"version-history":[{"count":0,"href":"https:\/\/sumuchang.com\/tr\/wp-json\/wp\/v2\/posts\/4072\/revisions"}],"wp:featuredmedia":[{"embeddable":true,"href":"https:\/\/sumuchang.com\/tr\/wp-json\/wp\/v2\/media\/4076"}],"wp:attachment":[{"href":"https:\/\/sumuchang.com\/tr\/wp-json\/wp\/v2\/media?parent=4072"}],"wp:term":[{"taxonomy":"category","embeddable":true,"href":"https:\/\/sumuchang.com\/tr\/wp-json\/wp\/v2\/categories?post=4072"},{"taxonomy":"post_tag","embeddable":true,"href":"https:\/\/sumuchang.com\/tr\/wp-json\/wp\/v2\/tags?post=4072"}],"curies":[{"name":"wp","href":"https:\/\/api.w.org\/{rel}","templated":true}]}}